{"id":491207,"date":"2025-07-23T11:26:12","date_gmt":"2025-07-23T09:26:12","guid":{"rendered":"https:\/\/municypia.pl\/?p=491207"},"modified":"2026-07-23T11:26:14","modified_gmt":"2026-07-23T09:26:14","slug":"innovaciok-es-kozossegi-media-magyarorszag-digitalis-fejlodesi-utja","status":"publish","type":"post","link":"https:\/\/municypia.pl\/?p=491207","title":{"rendered":"Innov\u00e1ci\u00f3k \u00e9s K\u00f6z\u00f6ss\u00e9gi M\u00e9dia: Magyarorsz\u00e1g Digit\u00e1lis Fejl\u0151d\u00e9si \u00datja"},"content":{"rendered":"<p>Az elm\u00falt \u00e9vtizedben Magyarorsz\u00e1g digit\u00e1lis t\u00e9rk\u00e9pe jelent\u0151sen form\u00e1l\u00f3dott, nemcsak az \u00e1llami \u00e9s \u00fczleti szf\u00e9ra innov\u00e1ci\u00f3s t\u00f6rekv\u00e9sei, hanem a k\u00f6z\u00f6ss\u00e9gek digit\u00e1lis aktivit\u00e1sa \u00e1ltal is. Egyre nagyobb hangs\u00falyt kapnak a helyi kezdem\u00e9nyez\u00e9sek, melyek nem csup\u00e1n technol\u00f3giai fejl\u0151d\u00e9st, hanem k\u00f6z\u00f6ss\u00e9g\u00e9p\u00edt\u00e9st is eredm\u00e9nyeznek. Ebben a kontextusban az online t\u00e9r innovat\u00edv platformjai, k\u00fcl\u00f6n\u00f6sen a kultur\u00e1lis \u00e9s t\u00e1rsadalmi projektek, kiemelked\u0151 szerepet t\u00f6ltenek be.<\/p>\n<div class=\"section\">\n<h2>Magyar Digit\u00e1lis K\u00f6z\u00f6ss\u00e9g\u00e9p\u00edt\u00e9s: A Sz\u00e1mos Fejl\u0151d\u00e9si Lehet\u0151s\u00e9g<\/h2>\n<p>A digit\u00e1lis eszk\u00f6z\u00f6k lehet\u0151v\u00e9 tett\u00e9k, hogy Magyarorsz\u00e1gon is sz\u00e9les k\u00f6rben terjedjenek az k\u00f6z\u00f6ss\u00e9g\u00e9p\u00edt\u0151 kezdem\u00e9nyez\u00e9sek. Az online platformok \u00f6sszek\u00f6tik az amat\u0151r \u00e9s profi alkot\u00f3k\u00f6z\u00f6ss\u00e9geket, t\u00e1mogatj\u00e1k a kultur\u00e1lis \u00e9rt\u00e9kek fenntart\u00e1s\u00e1t, \u00e9s seg\u00edtenek a helyi kezdem\u00e9nyez\u00e9sek nemzetk\u00f6zi szint\u0171 l\u00e1that\u00f3s\u00e1g\u00e1ban.<\/p>\n<p>A digitaliz\u00e1ci\u00f3 egyik fontos sz\u00ednter\u00e9n a k\u00fcl\u00f6nb\u00f6z\u0151 tematikus f\u00f3rumok, blogok \u00e9s projektoldalak tartj\u00e1k \u00e9letben a kultur\u00e1lis \u00e9rt\u00e9keket. Ezek a platformok hitelesek \u00e9s naprak\u00e9szek, \u00e9s hozz\u00e1j\u00e1rulnak a lok\u00e1lis identit\u00e1s er\u0151s\u00edt\u00e9s\u00e9hez. \u00c9rdemes megeml\u00edteni olyan p\u00e9ld\u00e1kat, melyek m\u00e1r bizony\u00edtottak a k\u00f6z\u00f6ss\u00e9g\u00e9p\u00edt\u00e9sben \u00e9s \u00e9rt\u00e9k\u00e1tad\u00e1sban.<\/p>\n<\/div>\n<div class=\"section\">\n<h2>Az Innovat\u00edv Digit\u00e1lis Tartalomgy\u00e1rt\u00e1s Magyarorsz\u00e1gon<\/h2>\n<p>A digit\u00e1lis tartalomgy\u00e1rt\u00e1s egyik jelent\u0151s ter\u00fclete a helyi m\u0171v\u00e9szek, zenekarok, \u00edr\u00f3k \u00e9s vide\u00f3s alkot\u00f3k tev\u00e9kenys\u00e9ge. Az online platformok lehet\u0151v\u00e9 teszik, hogy ezeket a tartalmakat sz\u00e9les k\u00f6z\u00f6ns\u00e9ghez juttass\u00e1k el. Az innov\u00e1ci\u00f3 nemcsak technikai szinten egyre kifinomultabb, hanem tematika \u00e9s form\u00e1tum tekintet\u00e9ben is v\u00e1ltozatosabb\u00e1 v\u00e1lik.<\/p>\n<p>Ezek a tartalmak nem csup\u00e1n sz\u00f3rakoztatnak, hanem kultur\u00e1lis identit\u00e1smeg\u0151rz\u0151 \u00e9s edukat\u00edv szerepet is bet\u00f6ltenek. Az egyik ilyen kiemelked\u0151 platform, mely nemzetk\u00f6zi elismerts\u00e9get nyert, a <a href=\"https:\/\/fat-pirate-magyar.com\/\"><strong>www.fat-pirate-magyar.com\/<\/strong><\/a>, ahol a magyar kultur\u00e1lis tartalmak, t\u00f6rt\u00e9nelmi narrat\u00edv\u00e1k \u00e9s kort\u00e1rs m\u0171v\u00e9szetek egy olyan keretet kapnak, amely a fiatalabb gener\u00e1ci\u00f3k k\u00f6z\u00f6tt is n\u00e9pszer\u0171s\u00e9get \u00e9lvez.<\/p>\n<\/div>\n<div class=\"section\">\n<h2>A &#8222;Fat Pirate Magyar&#8221; \u2013 Innovat\u00edv Tartalom \u00e9s K\u00f6z\u00f6ss\u00e9g<\/h2>\n<p>A www.fat-pirate-magyar.com\/ platform nem csup\u00e1n egy m\u00e9diaterm\u00e9k, hanem egy k\u00f6z\u00f6ss\u00e9g\u00e9p\u00edt\u0151 kezdem\u00e9nyez\u00e9s is, amely a digit\u00e1lis kult\u00fara \u00e9s kreat\u00edv tartalom \u00f6sszekapcsol\u00e1s\u00e1ra t\u00f6rekszik. Olyan elk\u00f6telezett tartalomk\u00e9sz\u00edtettek \u00e9s szerkeszt\u0151k ir\u00e1ny\u00edtj\u00e1k, akik m\u00e9ly szak\u00e9rtelemmel \u00e9s emp\u00e1ti\u00e1val k\u00f6zel\u00edtik meg Magyarorsz\u00e1g kult\u00far\u00e1j\u00e1t, t\u00f6rt\u00e9nelm\u00e9t \u00e9s jelenkori trendjeit.<\/p>\n<p>A platform sz\u0171k k\u00f6reib\u0151l kil\u00e9pve olyan egyedi tartalmakat k\u00edn\u00e1l, amelyek a glob\u00e1lis digitaliz\u00e1ci\u00f3s hull\u00e1mba illeszkedve ugyanakkor hangs\u00falyozz\u00e1k a helyi \u00e9rt\u00e9kek meg\u0151rz\u00e9s\u00e9t. Ez\u00e1ltal a rendszeres olvas\u00f3k \u00e9s k\u00f6vet\u0151k sz\u00e1m\u00e1ra hiteles inform\u00e1ci\u00f3forr\u00e1sk\u00e9nt szolg\u00e1l, t\u00e1mogatva a kultur\u00e1lis \u00e9s t\u00e1rsadalmi tudatoss\u00e1g n\u00f6vel\u00e9s\u00e9t.<\/p>\n<div style=\"margin-top:1.5rem; font-style:italic; color:#7f8c8d;\">\n&#8222;Az online k\u00f6z\u00f6ss\u00e9g \u00e9s a tartalomfejleszt\u00e9s \u00f6sszekapcsol\u00e1sa a digit\u00e1lis j\u00f6v\u0151 z\u00e1loga Magyarorsz\u00e1gon.&#8221; \u2013 foglalja \u00f6ssze a platform filoz\u00f3fi\u00e1j\u00e1t.\n<\/div>\n<\/div>\n<div class=\"section\">\n<h2>Az Ipar\u00e1gi J\u00f6v\u0151k\u00e9pek: K\u00f6z\u00f6ss\u00e9gi M\u00e9dia, Kreat\u00edv Tartalom \u00e9s Kult\u00fara<\/h2>\n<p>Az ipar\u00e1gvezet\u0151 szak\u00e9rt\u0151k szerint a j\u00f6v\u0151ben a digit\u00e1lis platformok \u00e9s k\u00f6z\u00f6ss\u00e9gi m\u00e9dia egyre ink\u00e1bb a kultur\u00e1lis identit\u00e1s meg\u0151rz\u00e9s\u00e9nek \u00e9s terjeszt\u00e9s\u00e9nek eszk\u00f6zeiv\u00e9 v\u00e1lnak. Magyarorsz\u00e1gon ezek az eszk\u00f6z\u00f6k lehet\u0151v\u00e9 teszik, hogy a helyi \u00e9rt\u00e9kek nem csup\u00e1n v\u00e9letlenszer\u0171en jelenjenek meg, hanem tudatosan \u00e9p\u00fclj\u00f6n k\u00f6r\u00e9j\u00fck egy er\u0151s k\u00f6z\u00f6ss\u00e9g.<\/p>\n<table>\n<thead>\n<tr>\n<th>Elem<\/th>\n<th>Statisztika \/ P\u00e9lda<\/th>\n<th>Hat\u00e1s \u00e9s Jelent\u0151s\u00e9g<\/th>\n<\/tr>\n<\/thead>\n<tbody>\n<tr>\n<td>K\u00f6z\u00f6ss\u00e9gi M\u00e9dia Haszn\u00e1lat<\/td>\n<td>70% Magyar internetez\u0151 hetente haszn\u00e1l k\u00f6z\u00f6ss\u00e9gi h\u00e1l\u00f3zatokat (Forr\u00e1s: Eurostat 2022)<\/td>\n<td>Lehet\u0151v\u00e9 teszi a helyi tartalom gyors terjed\u00e9s\u00e9t \u00e9s k\u00f6z\u00f6ss\u00e9g\u00e9p\u00edt\u00e9st<\/td>\n<\/tr>\n<tr>\n<td>Digit\u00e1lis Kultur\u00e1lis Tartalom<\/td>\n<td>Az online magyar kultur\u00e1lis esem\u00e9nyek megtekint\u00e9se 50%-kal n\u0151tt 2019\u20132022 k\u00f6z\u00f6tt<\/td>\n<td>Er\u0151s\u00edti a nemzeti identit\u00e1st \u00e9s t\u00e1mogatja a kultur\u00e1lis \u00f6r\u00f6ks\u00e9get<\/td>\n<\/tr>\n<tr>\n<td>Kreat\u00edv Platformok<\/td>\n<td>H\u00edrsz\u00e1jtokat \u00e9s alkot\u00f3i k\u00f6z\u00f6ss\u00e9geket t\u00f6bb t\u00edzezren haszn\u00e1lnak akt\u00edvan<\/td>\n<td>Kapcsol\u00f3d\u00e1si \u00e9s tartalomfejleszt\u00e9si lehet\u0151s\u00e9gek sz\u00e9les\u00edt\u00e9se<\/td>\n<\/tr>\n<\/tbody>\n<\/table>\n<\/div>\n<h2>\u00d6sszegz\u00e9s<\/h2>\n<p>Magyarorsz\u00e1g digit\u00e1lis fejl\u0151d\u00e9se sor\u00e1n a helyi k\u00f6z\u00f6ss\u00e9gek \u00e9s a kultur\u00e1lis tartalmak szerepe kiemelked\u0151v\u00e9 v\u00e1lt. Olyan platformok, mint a www.fat-pirate-magyar.com\/, nem csup\u00e1n inform\u00e1ci\u00f3t k\u00f6z\u00f6lnek, hanem a k\u00f6z\u00f6ss\u00e9g \u00f6sszetartoz\u00e1s\u00e1t, kultur\u00e1lis \u00e9rt\u00e9keink meg\u0151rz\u00e9s\u00e9t \u00e9s meg\u00faj\u00edt\u00e1s\u00e1t t\u00e1mogatj\u00e1k. A digit\u00e1lis kult\u00fara j\u00f6v\u0151je azon m\u00falik, hogy milyen eszk\u00f6z\u00f6kkel \u00e9s strat\u00e9gi\u00e1kkal tudjuk ezeket a tartalmakat hitelesen \u00e9s innovat\u00edvan tov\u00e1bbfejleszteni.<\/p>\n<p>Ebben a folyamatosan v\u00e1ltoz\u00f3 digit\u00e1lis vil\u00e1gban az auton\u00f3m, helyi \u00e9rt\u00e9keken alapul\u00f3 tartalomfejleszt\u00e9s, oldalir\u00e1ny\u00fa \u00f6sszefon\u00f3d\u00e1s \u00e9s k\u00f6z\u00f6ss\u00e9galap\u00fa megk\u00f6zel\u00edt\u00e9s jelenti Magyarorsz\u00e1g hossz\u00fa t\u00e1v\u00fa siker\u00e9nek z\u00e1log\u00e1t.<\/p>\n","protected":false},"excerpt":{"rendered":"<p>Az elm\u00falt \u00e9vtizedben Magyarorsz\u00e1g digit\u00e1lis t\u00e9rk\u00e9pe jelent\u0151sen form\u00e1l\u00f3dott, nemcsak az \u00e1llami \u00e9s \u00fczleti szf\u00e9ra innov\u00e1ci\u00f3s t\u00f6rekv\u00e9sei, hanem a k\u00f6z\u00f6ss\u00e9gek digit\u00e1lis aktivit\u00e1sa \u00e1ltal is. Egyre nagyobb hangs\u00falyt kapnak a helyi kezdem\u00e9nyez\u00e9sek, melyek nem csup\u00e1n technol\u00f3giai fejl\u0151d\u00e9st, hanem k\u00f6z\u00f6ss\u00e9g\u00e9p\u00edt\u00e9st is eredm\u00e9nyeznek. Ebben a kontextusban az online t\u00e9r innovat\u00edv platformjai, k\u00fcl\u00f6n\u00f6sen a kultur\u00e1lis \u00e9s t\u00e1rsadalmi projektek, kiemelked\u0151 szerepet [&hellip;]<\/p>\n","protected":false},"author":1,"featured_media":0,"comment_status":"open","ping_status":"open","sticky":false,"template":"","format":"standard","meta":{"footnotes":""},"categories":[1],"tags":[],"class_list":["post-491207","post","type-post","status-publish","format-standard","hentry","category-bez-kategorii"],"_links":{"self":[{"href":"https:\/\/municypia.pl\/index.php?rest_route=\/wp\/v2\/posts\/491207","targetHints":{"allow":["GET"]}}],"collection":[{"href":"https:\/\/municypia.pl\/index.php?rest_route=\/wp\/v2\/posts"}],"about":[{"href":"https:\/\/municypia.pl\/index.php?rest_route=\/wp\/v2\/types\/post"}],"author":[{"embeddable":true,"href":"https:\/\/municypia.pl\/index.php?rest_route=\/wp\/v2\/users\/1"}],"replies":[{"embeddable":true,"href":"https:\/\/municypia.pl\/index.php?rest_route=%2Fwp%2Fv2%2Fcomments&post=491207"}],"version-history":[{"count":1,"href":"https:\/\/municypia.pl\/index.php?rest_route=\/wp\/v2\/posts\/491207\/revisions"}],"predecessor-version":[{"id":491208,"href":"https:\/\/municypia.pl\/index.php?rest_route=\/wp\/v2\/posts\/491207\/revisions\/491208"}],"wp:attachment":[{"href":"https:\/\/municypia.pl\/index.php?rest_route=%2Fwp%2Fv2%2Fmedia&parent=491207"}],"wp:term":[{"taxonomy":"category","embeddable":true,"href":"https:\/\/municypia.pl\/index.php?rest_route=%2Fwp%2Fv2%2Fcategories&post=491207"},{"taxonomy":"post_tag","embeddable":true,"href":"https:\/\/municypia.pl\/index.php?rest_route=%2Fwp%2Fv2%2Ftags&post=491207"}],"curies":[{"name":"wp","href":"https:\/\/api.w.org\/{rel}","templated":true}]}}