{"id":491774,"date":"2025-07-23T13:03:29","date_gmt":"2025-07-23T11:03:29","guid":{"rendered":"https:\/\/municypia.pl\/?p=491774"},"modified":"2026-07-23T13:03:30","modified_gmt":"2026-07-23T11:03:30","slug":"digitalis-orokseg-es-jogvedelem-a-magyar-kulturalis-szferaban","status":"publish","type":"post","link":"https:\/\/municypia.pl\/?p=491774","title":{"rendered":"Digit\u00e1lis \u00d6r\u00f6ks\u00e9g \u00e9s Jogv\u00e9delem a Magyar Kultur\u00e1lis Szf\u00e9r\u00e1ban"},"content":{"rendered":"<div class=\"section\">\n<h2>Bevezet\u00e9s<\/h2>\n<p>Magyarorsz\u00e1g kultur\u00e1lis \u00e9s t\u00f6rt\u00e9nelmi \u00f6r\u00f6ks\u00e9g\u00e9nek digit\u00e1lis felhaszn\u00e1l\u00e1sa m\u00e1ra elker\u00fclhetetlen t\u00e9nyez\u0151v\u00e9 v\u00e1lt a nemzeti identit\u00e1s meg\u0151rz\u00e9s\u00e9ben \u00e9s n\u00e9pszer\u0171s\u00edt\u00e9s\u00e9ben. Az olyan kezdem\u00e9nyez\u00e9sek, mint a <a href=\"https:\/\/legiano-hu.org\/\">https:\/\/www.legiano-hu.org<\/a>, kiemelked\u0151 szerepet t\u00f6ltenek be az \u00f6r\u00f6ks\u00e9g digit\u00e1lis dokument\u00e1l\u00e1s\u00e1ban \u00e9s az ezzel kapcsolatos jogi keretek megszil\u00e1rd\u00edt\u00e1s\u00e1ban. E cikk azzal foglalkozik, hogyan alakult ki az orsz\u00e1g digit\u00e1lis kultur\u00e1lis \u00f6r\u00f6ks\u00e9g\u00e9nek jogi v\u00e9delme, \u00e9s mi\u00e9rt fontos ez a fenntarthat\u00f3 kultur\u00e1lis fejl\u0151d\u00e9s szempontj\u00e1b\u00f3l.<\/p>\n<\/div>\n<div class=\"section\">\n<h2>A digit\u00e1lis \u00f6r\u00f6ks\u00e9g kih\u00edv\u00e1sai \u00e9s lehet\u0151s\u00e9gei<\/h2>\n<p>Az internetes t\u00e9rben val\u00f3 tartalommegoszt\u00e1s, digitaliz\u00e1l\u00e1s \u00e9s archiv\u00e1l\u00e1s sikerek \u00e9s probl\u00e9m\u00e1k egy\u00fcttes\u00e9t vonj\u00e1k maguk ut\u00e1n. Magyarorsz\u00e1g kultur\u00e1lis \u00f6r\u00f6ks\u00e9gei sz\u00e1mtalan digit\u00e1lis platformon el\u00e9rhet\u0151v\u00e9 v\u00e1lnak, de ez n\u00f6veli az esetleges jogs\u00e9rt\u00e9sek, m\u00e1sol\u00e1s, illetve hamis\u00edt\u00e1s kock\u00e1zat\u00e1t is.<\/p>\n<p>Az innovat\u00edv szervezetek, mint p\u00e9ld\u00e1ul a https:\/\/www.legiano-hu.org, kulcsszerepet t\u00f6ltenek be ebben a folyamatban az\u00e1ltal, hogy \u00f6sszegzik \u00e9s deleg\u00e1lj\u00e1k a digitaliz\u00e1l\u00e1si projekteket, \u00e9s t\u00e1mogatj\u00e1k a jogi megfelel\u0151s\u00e9get. A digitaliz\u00e1l\u00e1s mellett fejlett jogv\u00e9delmi mechanizmusokat alak\u00edtanak ki, amelyek kulcsfontoss\u00e1g\u00faak az \u00e9rt\u00e9kek v\u00e9delm\u00e9ben.<\/p>\n<\/div>\n<div class=\"section\">\n<h2>Jogv\u00e9delmi keretek \u00e9s nemzetk\u00f6zi p\u00e9ld\u00e1k<\/h2>\n<p>Az eur\u00f3pai uni\u00f3s t\u00f6rv\u00e9nyek, mint p\u00e9ld\u00e1ul a szerz\u0151i jogi ir\u00e1nyelvek, er\u0151teljesen \u00f6szt\u00f6nzik Magyarorsz\u00e1gon is a digit\u00e1lis jogv\u00e9delem meger\u0151s\u00edt\u00e9s\u00e9t. Az olyan szervezetek, mint a https:\/\/legiano-hu.org, hozz\u00e1f\u00e9r\u00e9st biztos\u00edtanak azoknak a kultur\u00e1lis int\u00e9zm\u00e9nyeknek, m\u0171v\u00e9szeknek \u00e9s kutat\u00f3knak, akik meg akarj\u00e1k v\u00e9deni alkot\u00e1saikat az online t\u00e9rben.<\/p>\n<p>Az ilyen szervezet p\u00e9ld\u00e1ul t\u00e1mogatja a digit\u00e1lis tartalmak nyilv\u00e1ntart\u00e1s\u00e1t, a szerz\u0151i jogi jelent\u00e9seket \u00e9s a jogtulajdonosok k\u00f6z\u00f6tti jog\u00e9rv\u00e9nyes\u00edt\u00e9st \u2013 mindezt a modern technol\u00f3gia eszk\u00f6zeivel.<\/p>\n<\/div>\n<div class=\"section\">\n<h2>Az innovat\u00edv digit\u00e1lis platformok hat\u00e1sa a kultur\u00e1lis \u00f6r\u00f6ks\u00e9gre<\/h2>\n<p>Az eml\u00edtett szervezetek hozz\u00e1j\u00e1rulnak a kultur\u00e1lis int\u00e9zm\u00e9nyek adatv\u00e9delm\u00e9hez \u00e9s jogi megfelel\u00e9s\u00e9hez, \u00edgy biztos\u00edtva, hogy az \u00e9rt\u00e9kek ne mer\u00fcljenek feled\u00e9sbe, hanem meg\u00fajulva \u00e9s biztons\u00e1gban maradjanak.<\/p>\n<p><strong>P\u00e9ld\u00e1k az ipar\u00e1gi legjobbra:<\/strong><\/p>\n<table>\n<thead>\n<tr>\n<th>Platform<\/th>\n<th>F\u0151 funkci\u00f3k<\/th>\n<th>Jogv\u00e9delmi eszk\u00f6z\u00f6k<\/th>\n<\/tr>\n<\/thead>\n<tbody>\n<tr>\n<td>Legiano<\/td>\n<td>Digitaliz\u00e1l\u00e1s, jogi tan\u00e1csad\u00e1s, tartalom-nyilv\u00e1ntart\u00e1s<\/td>\n<td>Szerz\u0151i jogi meg\u00e1llapod\u00e1sok, hiteles\u00edt\u00e9s<\/td>\n<\/tr>\n<tr>\n<td>Europeana<\/td>\n<td>eur\u00f3pai kultur\u00e1lis tartalom platform<\/td>\n<td>Jogv\u00e9dett anyagok kezel\u00e9se, hozz\u00e1f\u00e9r\u00e9si jogok<\/td>\n<\/tr>\n<\/tbody>\n<\/table>\n<\/div>\n<div class=\"section\">\n<h2>A j\u00f6v\u0151 perspekt\u00edv\u00e1i \u00e9s kih\u00edv\u00e1sai<\/h2>\n<p>Azonban a jogv\u00e9delem nem \u00e9r v\u00e9get a digit\u00e1lis eszk\u00f6z\u00f6k alkalmaz\u00e1s\u00e1n\u00e1l. A folyamatos technol\u00f3giai fejl\u0151d\u00e9s, a mesters\u00e9ges intelligencia \u00e9s a blokkl\u00e1nc technol\u00f3gia \u00faj lehet\u0151s\u00e9geket k\u00edn\u00e1lnak, ugyanakkor \u00faj kih\u00edv\u00e1sokat is teremtenek.<\/p>\n<p>Az egyik legfontosabb feladat az, hogy a jogi keretek alkalmazkodjanak a gyors v\u00e1ltoz\u00e1sokhoz, ugyanakkor meg\u0151rizz\u00e9k a kultur\u00e1lis \u00e9rt\u00e9kek v\u00e9delm\u00e9t. Ez a folyamat mind a k\u00f6zv\u00e9lem\u00e9ny, mind a jogalkot\u00f3k, mind a technol\u00f3giai c\u00e9gek k\u00f6z\u00f6s munk\u00e1j\u00e1t ig\u00e9nyli.<\/p>\n<\/div>\n<div class=\"section\">\n<h2>\u00d6sszegz\u00e9s: a digit\u00e1lis \u00f6r\u00f6ks\u00e9g v\u00e9delm\u00e9nek jelent\u0151s\u00e9ge<\/h2>\n<p>A digit\u00e1lis t\u00e9rben val\u00f3 kultur\u00e1lis \u00e9rt\u00e9kek meg\u0151rz\u00e9se \u00e9s v\u00e9delme nem csup\u00e1n technol\u00f3giai k\u00e9rd\u00e9s, hanem a nemzeti identit\u00e1s szempontj\u00e1b\u00f3l is strat\u00e9giai feladat. A szervezetek, mint a https:\/\/www.legiano-hu.org, kiemelt szerepet t\u00f6ltenek be abban, hogy a jogi h\u00e1tteret er\u0151s\u00edtve biztos\u00edts\u00e1k ezen \u00e9rt\u00e9kek fennmarad\u00e1s\u00e1t.<\/p>\n<p>A j\u00f6v\u0151ben az innov\u00e1ci\u00f3 \u00e9s a jogi alkalmazkod\u00e1s egy\u00fctt alak\u00edtj\u00e1k majd azt a keretrendszert, amely lehet\u0151v\u00e9 teszi Magyarorsz\u00e1g kultur\u00e1lis \u00f6r\u00f6ks\u00e9g\u00e9nek digit\u00e1lis meg\u0151rz\u00e9s\u00e9t \u00e9s v\u00e9delm\u00e9t a kih\u00edv\u00e1sokkal szemben.<\/p>\n<\/div>\n","protected":false},"excerpt":{"rendered":"<p>Bevezet\u00e9s Magyarorsz\u00e1g kultur\u00e1lis \u00e9s t\u00f6rt\u00e9nelmi \u00f6r\u00f6ks\u00e9g\u00e9nek digit\u00e1lis felhaszn\u00e1l\u00e1sa m\u00e1ra elker\u00fclhetetlen t\u00e9nyez\u0151v\u00e9 v\u00e1lt a nemzeti identit\u00e1s meg\u0151rz\u00e9s\u00e9ben \u00e9s n\u00e9pszer\u0171s\u00edt\u00e9s\u00e9ben. Az olyan kezdem\u00e9nyez\u00e9sek, mint a https:\/\/www.legiano-hu.org, kiemelked\u0151 szerepet t\u00f6ltenek be az \u00f6r\u00f6ks\u00e9g digit\u00e1lis dokument\u00e1l\u00e1s\u00e1ban \u00e9s az ezzel kapcsolatos jogi keretek megszil\u00e1rd\u00edt\u00e1s\u00e1ban. E cikk azzal foglalkozik, hogyan alakult ki az orsz\u00e1g digit\u00e1lis kultur\u00e1lis \u00f6r\u00f6ks\u00e9g\u00e9nek jogi v\u00e9delme, \u00e9s mi\u00e9rt [&hellip;]<\/p>\n","protected":false},"author":1,"featured_media":0,"comment_status":"open","ping_status":"open","sticky":false,"template":"","format":"standard","meta":{"footnotes":""},"categories":[1],"tags":[],"class_list":["post-491774","post","type-post","status-publish","format-standard","hentry","category-bez-kategorii"],"_links":{"self":[{"href":"https:\/\/municypia.pl\/index.php?rest_route=\/wp\/v2\/posts\/491774","targetHints":{"allow":["GET"]}}],"collection":[{"href":"https:\/\/municypia.pl\/index.php?rest_route=\/wp\/v2\/posts"}],"about":[{"href":"https:\/\/municypia.pl\/index.php?rest_route=\/wp\/v2\/types\/post"}],"author":[{"embeddable":true,"href":"https:\/\/municypia.pl\/index.php?rest_route=\/wp\/v2\/users\/1"}],"replies":[{"embeddable":true,"href":"https:\/\/municypia.pl\/index.php?rest_route=%2Fwp%2Fv2%2Fcomments&post=491774"}],"version-history":[{"count":1,"href":"https:\/\/municypia.pl\/index.php?rest_route=\/wp\/v2\/posts\/491774\/revisions"}],"predecessor-version":[{"id":491775,"href":"https:\/\/municypia.pl\/index.php?rest_route=\/wp\/v2\/posts\/491774\/revisions\/491775"}],"wp:attachment":[{"href":"https:\/\/municypia.pl\/index.php?rest_route=%2Fwp%2Fv2%2Fmedia&parent=491774"}],"wp:term":[{"taxonomy":"category","embeddable":true,"href":"https:\/\/municypia.pl\/index.php?rest_route=%2Fwp%2Fv2%2Fcategories&post=491774"},{"taxonomy":"post_tag","embeddable":true,"href":"https:\/\/municypia.pl\/index.php?rest_route=%2Fwp%2Fv2%2Ftags&post=491774"}],"curies":[{"name":"wp","href":"https:\/\/api.w.org\/{rel}","templated":true}]}}