{"id":544428,"date":"2025-07-31T07:18:49","date_gmt":"2025-07-31T05:18:49","guid":{"rendered":"https:\/\/municypia.pl\/?p=544428"},"modified":"2026-07-31T07:18:50","modified_gmt":"2026-07-31T05:18:50","slug":"maximera-effektiviteten-genom-integrerade-kalenderlosningar-en-strategisk-guide-for-digitala-organisationer","status":"publish","type":"post","link":"https:\/\/municypia.pl\/?p=544428","title":{"rendered":"Maximera Effektiviteten genom Integrerade Kalenderl\u00f6sningar: En Strategisk Guide f\u00f6r Digitala Organisationer"},"content":{"rendered":"<p>\nI den moderna arbetsv\u00e4rlden, d\u00e4r digitala verktyg \u00e4r grundl\u00e4ggande f\u00f6r att uppr\u00e4tth\u00e5lla produktivitet och samordning, blir valet av en riktig kalenderl\u00f6sning en kritisk faktor. Att integrera kalenderfunktioner direkt i arbetsfl\u00f6det \u2014 snarare \u00e4n att f\u00f6rlita sig p\u00e5 separata appar eller system \u2014 har visat sig vara en avg\u00f6rande metod f\u00f6r att minska missf\u00f6rst\u00e5nd, f\u00f6rb\u00e4ttra teamkommunikation och accelerera beslutsfattande.\n<\/p>\n<h2>Den Strategiska Rollen av Inbyggda Kalenderfunktioner i Digitala Plattformar<\/h2>\n<p>\nForskning visar att organisationer som anv\u00e4nder integrerade verktyg f\u00f6r projektledning och schemal\u00e4ggning oftare rapporterar h\u00f6gre produktivitet och minskad tidsf\u00f6rlust. Detta beror p\u00e5 att samordning \u00e4r s\u00f6ml\u00f6s, information delas i realtid och dubbelarbete minimeras.\n<\/p>\n<h2>Teknologiska Framsteg och Implementeringsutmaningar<\/h2>\n<p>\nAvancerade digitala l\u00f6sningar, s\u00e5som <a href=\"https:\/\/peak-plan-calendar.app\/sv\/\"><strong>Peak Plan Calendar<\/strong><\/a>, erbjuder m\u00f6jligheten att anv\u00e4nda calenderfunktionalitet direkt i plattformen \u2014 en funktion som blir allt mer oumb\u00e4rlig i dagens komplexa arbetsmilj\u00f6er. Genom att anv\u00e4nda anv\u00e4nd Peak Plan Calendar som en inbyggd app, kan organisationer skapa ett s\u00f6ml\u00f6st arbetsfl\u00f6de d\u00e4r schemal\u00e4ggning och projektuppf\u00f6ljning \u00e4r integrerade, vilket minskar behovet av att v\u00e4xla mellan olika system.\n<\/p>\n<h2>Praktiska Exempel p\u00e5 Effektiv Implementering<\/h2>\n<table>\n<thead>\n<tr>\n<th>Funktion<\/th>\n<th>F\u00f6rdelar<\/th>\n<th>Exempel p\u00e5 Anv\u00e4ndning<\/th>\n<\/tr>\n<\/thead>\n<tbody>\n<tr>\n<td>Inb\u00e4ddade kalendrar<\/td>\n<td>S\u00f6ml\u00f6s integration med projektverktyg<\/td>\n<td>Teamm\u00f6ten och deadlines synkroniseras i realtid i samma arbetsyta<\/td>\n<\/tr>\n<tr>\n<td>Automatiserad schemal\u00e4ggning<\/td>\n<td>Reducerar manuella fel och sparar tid<\/td>\n<td>Automatiska p\u00e5minnelser och m\u00f6tesbokningar direkt i plattformen<\/td>\n<\/tr>\n<tr>\n<td>Mobilanpassade funktioner<\/td>\n<td>Flexibilitet f\u00f6r arbetslag i f\u00e4lt<\/td>\n<td>Aktuell tillg\u00e5ng till teamets schema via smartphones och surfplattor<\/td>\n<\/tr>\n<\/tbody>\n<\/table>\n<h2>Expertis och Best Practices f\u00f6r Integration<\/h2>\n<p>\nAtt fullt ut dra nytta av inbyggda kalendrar kr\u00e4ver en strategisk planering baserad p\u00e5 verksamhetens behov. N\u00e5gra rekommendationer inkluderar:\n<\/p>\n<ul>\n<li><strong>Definiera tydliga anv\u00e4ndningsomr\u00e5den:<\/strong> Ska kalendern anv\u00e4ndas f\u00f6r interna m\u00f6ten, kundm\u00f6ten eller projektdeadlines?<\/li>\n<li><strong>Se till att verktyget \u00e4r anv\u00e4ndarv\u00e4nligt:<\/strong> En komplex l\u00f6sning kan motverka sina egna f\u00f6rdelar.<\/li>\n<li><strong>Integrera med andra system:<\/strong> Se till att kalendern kan kommunicera med e-post, digitala p\u00e5minnelser och projektverktyg.<\/li>\n<li><strong>Prioritera realtidsuppdateringar:<\/strong> F\u00f6r att undvika f\u00f6r\u00e5ldrad information b\u00f6r kalenderdata synkroniseras kontinuerligt.<\/li>\n<\/ul>\n<h2>Framtidens Digitala Arbetsplatser<\/h2>\n<p>\nMed det \u00f6kande behovet av flexibla arbetsformer och distribuerade team, har inbyggda kalenderl\u00f6sningar blivit en grundpelare f\u00f6r att bygga produktiva och anpassningsbara digitala arbetsmilj\u00f6er. De m\u00f6jligg\u00f6r inte bara effektiv schemal\u00e4ggning, utan \u00e4ven avancerad dataanalys f\u00f6r att identifiera m\u00f6nster och f\u00f6rb\u00e4ttra organisatoriskt beteende.\n<\/p>\n<blockquote><p>\nAtt v\u00e4lja ett verktyg som integrerar kalenderfunktionalitet direkt i arbetsplattformen kan vara ett av de mest strategiska besluten f\u00f6r att f\u00f6rb\u00e4ttra organisatorisk effektivitet och arbetskvalitet \u2014 det \u00e4r en investering i framtidens digitala arbetsplats.\n<\/p><\/blockquote>\n<h2>Sammanfattning: F\u00f6rdjupa dig i den digitala arbetsfloden<\/h2>\n<p>\nGenom att omfamna arbetsverktyg som m\u00f6jligg\u00f6r anv\u00e4ndning av anv\u00e4nd Peak Plan Calendar som en inbyggd app, kan organisationer skapa en s\u00f6ml\u00f6s och sammanh\u00e4ngande arbetsupplevelse som f\u00f6rb\u00e4ttrar samordning, minskar fel och \u00f6kar produktivitet. I en v\u00e4rld d\u00e4r snabb anpassning \u00e4r nyckeln till framg\u00e5ng, \u00e4r inbyggda calendrar mer \u00e4n ett attribut \u2014 de \u00e4r en strategisk kompetens.<\/p>\n","protected":false},"excerpt":{"rendered":"<p>I den moderna arbetsv\u00e4rlden, d\u00e4r digitala verktyg \u00e4r grundl\u00e4ggande f\u00f6r att uppr\u00e4tth\u00e5lla produktivitet och samordning, blir valet av en riktig kalenderl\u00f6sning en kritisk faktor. Att integrera kalenderfunktioner direkt i arbetsfl\u00f6det \u2014 snarare \u00e4n att f\u00f6rlita sig p\u00e5 separata appar eller system \u2014 har visat sig vara en avg\u00f6rande metod f\u00f6r att minska missf\u00f6rst\u00e5nd, f\u00f6rb\u00e4ttra teamkommunikation [&hellip;]<\/p>\n","protected":false},"author":1,"featured_media":0,"comment_status":"open","ping_status":"open","sticky":false,"template":"","format":"standard","meta":{"footnotes":""},"categories":[1],"tags":[],"class_list":["post-544428","post","type-post","status-publish","format-standard","hentry","category-bez-kategorii"],"_links":{"self":[{"href":"https:\/\/municypia.pl\/index.php?rest_route=\/wp\/v2\/posts\/544428","targetHints":{"allow":["GET"]}}],"collection":[{"href":"https:\/\/municypia.pl\/index.php?rest_route=\/wp\/v2\/posts"}],"about":[{"href":"https:\/\/municypia.pl\/index.php?rest_route=\/wp\/v2\/types\/post"}],"author":[{"embeddable":true,"href":"https:\/\/municypia.pl\/index.php?rest_route=\/wp\/v2\/users\/1"}],"replies":[{"embeddable":true,"href":"https:\/\/municypia.pl\/index.php?rest_route=%2Fwp%2Fv2%2Fcomments&post=544428"}],"version-history":[{"count":1,"href":"https:\/\/municypia.pl\/index.php?rest_route=\/wp\/v2\/posts\/544428\/revisions"}],"predecessor-version":[{"id":544429,"href":"https:\/\/municypia.pl\/index.php?rest_route=\/wp\/v2\/posts\/544428\/revisions\/544429"}],"wp:attachment":[{"href":"https:\/\/municypia.pl\/index.php?rest_route=%2Fwp%2Fv2%2Fmedia&parent=544428"}],"wp:term":[{"taxonomy":"category","embeddable":true,"href":"https:\/\/municypia.pl\/index.php?rest_route=%2Fwp%2Fv2%2Fcategories&post=544428"},{"taxonomy":"post_tag","embeddable":true,"href":"https:\/\/municypia.pl\/index.php?rest_route=%2Fwp%2Fv2%2Ftags&post=544428"}],"curies":[{"name":"wp","href":"https:\/\/api.w.org\/{rel}","templated":true}]}}