{"id":8450,"date":"2026-06-04T09:52:49","date_gmt":"2026-06-04T07:52:49","guid":{"rendered":"https:\/\/municypia.pl\/?p=8450"},"modified":"2026-06-04T09:55:08","modified_gmt":"2026-06-04T07:55:08","slug":"a-apresentadora-filomena-cautela-tudo-sobre-a","status":"publish","type":"post","link":"https:\/\/municypia.pl\/?p=8450","title":{"rendered":"A Apresentadora Filomena Cautela Tudo sobre a Apresentadora"},"content":{"rendered":"<h1>A Apresentadora Filomena Cautela Tudo sobre a Apresentadora<\/h1>\n<p>Esta apresentadora portuguesa \u00e9 um dos rostos mais conhecidos da televis\u00e3o portuguesa. Reconhecida pelo seu carisma e pelo seu profissionalismo, ganhou um lugar especial ao longo de uma trajet\u00f3ria s\u00f3lida. Ao longo deste guia exploramos um retrato da sua trajet\u00f3ria profissional.<\/p>\n<p>Durante o seu percurso, deixou marca em m\u00faltiplos formatos que fizeram dela uma refer\u00eancia junto do p\u00fablico. Nas sec\u00e7\u00f5es seguintes percorremos os momentos marcantes da sua trajet\u00f3ria.<\/p>\n<p>Recordar o seu percurso significa falar de uma das figuras mais consistentes do entretenimento nacional. Nem todos os apresentadores conjugam reconhecimento e proximidade da mesma forma.<\/p>\n<p>Nas pr\u00f3ximas sec\u00e7\u00f5es procuramos dar a conhecer honesto, fundado em informa\u00e7\u00e3o p\u00fablica. A finalidade est\u00e1 longe de ser divulgar rumores, mas sim valorizar o percurso.<\/p>\n<h2>Biografia de Filomena Cautela<\/h2>\n<p>A hist\u00f3ria desta apresentadora atrai o interesse do p\u00fablico. Aspetos como os seus primeiros anos surgem muitas vezes pesquisados online. \u00c0 semelhan\u00e7a de outros rostos conhecidos, a sua vida pessoal merece destaque.<\/p>\n<p>Faz sentido que o p\u00fablico queiram saber mais sobre o seu lado mais pessoal. Importa lembrar, \u00e9 aconselh\u00e1vel saber distinguir os factos confirmados de meras suposi\u00e7\u00f5es.<\/p>\n<p>Entre os aspetos que mais despertam curiosidade sobre Cautela Filomena, destacam-se:<\/p>\n<ul>\n<li>O seu percurso inicial, muito pesquisados.<\/li>\n<li>A sua forma\u00e7\u00e3o, que ajuda a explicar a sua carreira.<\/li>\n<li>A fam\u00edlia e as origens, alvo de pesquisa.<\/li>\n<li>As primeiras apari\u00e7\u00f5es, que deram a conhecer o seu talento.<\/li>\n<\/ul>\n<p>Conhecer estes elementos permite apreciar a sua evolu\u00e7\u00e3o. Como acontece com muitos profissionais, o arranque costumam ser decisivos para a carreira futura.<\/p>\n<h2>Carreira na Televis\u00e3o como Apresentadora<\/h2>\n<p>A trajet\u00f3ria de Cautela Filomena cresceu atrav\u00e9s de diversos projetos. Da representa\u00e7\u00e3o ao papel de apresentadora, exibiu enorme talento. O seu estilo descontra\u00eddo marca a diferen\u00e7a.<\/p>\n<p>Dotada de um estilo irreverente, teve a habilidade de conquistar diferentes p\u00fablicos. A capacidade de reinven\u00e7\u00e3o revelou-se uma das suas maiores for\u00e7as.<\/p>\n<p>Dos formatos que ficaram conhecidos, encontram-se formatos de grande audi\u00eancia. Para quem quer aprofundar este percurso, existem fontes dedicadas. Para ver o <a href=\"https:\/\/melhorportugalcasino.com\/pt\/persons\/filomena-cautela\/\">Filomena Cautela vestido festival da can\u00e7\u00e3o 2026<\/a> e outros momentos, vale a pena explorar a p\u00e1gina para uma leitura completa.<\/p>\n<h3>Programas e Projetos Marcantes<\/h3>\n<p>Com os anos, fez parte de diferentes projetos. De programas de entretenimento a transmiss\u00f5es de grandes eventos, confirmou \u00e0-vontade em diferentes contextos. Cada projeto somou novas facetas ao seu curr\u00edculo.<\/p>\n<p>Este leque de experi\u00eancias justifica a sua perman\u00eancia no topo. Poucos rostos t\u00eam a capacidade de permanecer no afeto do p\u00fablico durante tantos anos.<\/p>\n<p>O reconhecimento do p\u00fablico \u00e9 constante ao longo de cada projeto da sua trajet\u00f3ria. Esta liga\u00e7\u00e3o com a audi\u00eancia revela-se aquilo que mais a distingue.<\/p>\n<h2>Festival da Can\u00e7\u00e3o e os Momentos Marcantes<\/h2>\n<p>O Festival da Can\u00e7\u00e3o tem um lugar de destaque na sua trajet\u00f3ria. O seu envolvimento em edi\u00e7\u00f5es do concurso costuma ser lembrada nos meios de comunica\u00e7\u00e3o.<\/p>\n<p>O festival europeu e a sele\u00e7\u00e3o nacional mobilizam enorme aten\u00e7\u00e3o em cada edi\u00e7\u00e3o. Assuntos como as posi\u00e7\u00f5es assumidas nestas ocasi\u00f5es geram conversa.<\/p>\n<p>A liga\u00e7\u00e3o com a can\u00e7\u00e3o portuguesa ao longo dos anos consolidou a sua imagem. Junto do p\u00fablico, estas participa\u00e7\u00f5es est\u00e3o ligados ao seu nome.<\/p>\n<p>O Festival da Can\u00e7\u00e3o significa, em Portugal, uma tradi\u00e7\u00e3o anual. A escolha da can\u00e7\u00e3o que defende as cores nacionais desperta paix\u00e3o de forma renovada.<\/p>\n<p>Muitos pormenores fazem estas ocasi\u00f5es em conversas inevit\u00e1veis:<\/p>\n<ul>\n<li>Os int\u00e9rpretes, sempre comentados.<\/li>\n<li>Os interl\u00fadios, que marcam o espet\u00e1culo.<\/li>\n<li>O estilo, frequentemente comentados nas redes sociais.<\/li>\n<li>A vota\u00e7\u00e3o, que \u00e9 aguardado com expectativa.<\/li>\n<\/ul>\n<h2>A Vida Pessoal Longe das C\u00e2maras<\/h2>\n<p>O lado mais \u00edntimo de qualquer celebridade suscita curiosidade junto dos f\u00e3s. Quanto a esta apresentadora, temas como a fam\u00edlia s\u00e3o pesquisados nos meios de comunica\u00e7\u00e3o.<\/p>\n<p>Vale a pena, contudo ter em conta o espa\u00e7o pessoal de cada pessoa. Muito do que circula raramente corresponde \u00e0 realidade, pelo que a prud\u00eancia deve prevalecer.<\/p>\n<p>O que \u00e9 certo \u00e9 o seu trabalho merece destaque. O interesse p\u00fablico \u00e9 o reverso da notoriedade. Distinguir o verdadeiro do rumor \u00e9 a melhor abordagem.<\/p>\n<p>Em lugar de insistir em especula\u00e7\u00f5es, os verdadeiros f\u00e3s optam por destacar o seu profissionalismo. Em \u00faltima an\u00e1lise, \u00e9 o talento que verdadeiramente caracteriza uma figura p\u00fablica.<\/p>\n<p>Deste modo, este perfil privilegia destacar a carreira, reservando os detalhes privados para o devido respeito.<\/p>\n<h3>Pr\u00e9mios e Curiosidades<\/h3>\n<p>Com os anos, Cautela Filomena reuniu o apre\u00e7o do p\u00fablico. A sua dedica\u00e7\u00e3o tem sido valorizado pela cr\u00edtica. Estes marcos confirmam a sua import\u00e2ncia.<\/p>\n<p>Para al\u00e9m das estat\u00edsticas, o que perdura resume-se a liga\u00e7\u00e3o com o p\u00fablico. Essa cumplicidade alcan\u00e7ou-se ao longo de anos e explica a sua popularidade duradoura.<\/p>\n<p>\u00c9 interessante notar que, grande parte do interesse relaciona-se com o seu trabalho como com a pessoa. Esse equil\u00edbrio de carisma e proximidade explica o carinho do p\u00fablico.<\/p>\n<h2>Considera\u00e7\u00f5es Finais sobre esta Figura da Televis\u00e3o<\/h2>\n<p>Em s\u00edntese, esta figura da televis\u00e3o \u00e9 um dos rostos mais reconhecidas do entretenimento nacional. O seu percurso mant\u00e9m vivo o interesse do p\u00fablico. A quem procura conhecer melhor, sugerimos consultar fontes fi\u00e1veis, descartando rumores e especula\u00e7\u00f5es.<\/p>\n<p>Em \u00faltima an\u00e1lise, o percurso de Filomena Cautela permanece um exemplo de versatilidade. Os telespetadores segue com interesse os seus projetos, sinal disso \u00e9 a sua relev\u00e2ncia.<\/p>\n<p>Cabe agora seguir os pr\u00f3ximos passos deste rosto da televis\u00e3o. H\u00e1 boas raz\u00f5es para crer que continuar\u00e1 presente no panorama nacional por muito tempo.<\/p>\n","protected":false},"excerpt":{"rendered":"<p>A Apresentadora Filomena Cautela Tudo sobre a Apresentadora Esta apresentadora portuguesa \u00e9 um dos rostos mais conhecidos da televis\u00e3o portuguesa. Reconhecida pelo seu carisma e pelo seu profissionalismo, ganhou um lugar especial ao longo de uma trajet\u00f3ria s\u00f3lida. Ao longo deste guia exploramos um retrato da sua trajet\u00f3ria profissional. Durante o seu percurso, deixou marca [&hellip;]<\/p>\n","protected":false},"author":1,"featured_media":0,"comment_status":"open","ping_status":"open","sticky":false,"template":"","format":"standard","meta":{"footnotes":""},"categories":[203],"tags":[],"class_list":["post-8450","post","type-post","status-publish","format-standard","hentry","category-blog"],"_links":{"self":[{"href":"https:\/\/municypia.pl\/index.php?rest_route=\/wp\/v2\/posts\/8450","targetHints":{"allow":["GET"]}}],"collection":[{"href":"https:\/\/municypia.pl\/index.php?rest_route=\/wp\/v2\/posts"}],"about":[{"href":"https:\/\/municypia.pl\/index.php?rest_route=\/wp\/v2\/types\/post"}],"author":[{"embeddable":true,"href":"https:\/\/municypia.pl\/index.php?rest_route=\/wp\/v2\/users\/1"}],"replies":[{"embeddable":true,"href":"https:\/\/municypia.pl\/index.php?rest_route=%2Fwp%2Fv2%2Fcomments&post=8450"}],"version-history":[{"count":1,"href":"https:\/\/municypia.pl\/index.php?rest_route=\/wp\/v2\/posts\/8450\/revisions"}],"predecessor-version":[{"id":8451,"href":"https:\/\/municypia.pl\/index.php?rest_route=\/wp\/v2\/posts\/8450\/revisions\/8451"}],"wp:attachment":[{"href":"https:\/\/municypia.pl\/index.php?rest_route=%2Fwp%2Fv2%2Fmedia&parent=8450"}],"wp:term":[{"taxonomy":"category","embeddable":true,"href":"https:\/\/municypia.pl\/index.php?rest_route=%2Fwp%2Fv2%2Fcategories&post=8450"},{"taxonomy":"post_tag","embeddable":true,"href":"https:\/\/municypia.pl\/index.php?rest_route=%2Fwp%2Fv2%2Ftags&post=8450"}],"curies":[{"name":"wp","href":"https:\/\/api.w.org\/{rel}","templated":true}]}}