{"id":872013,"date":"2025-09-03T22:59:30","date_gmt":"2025-09-03T20:59:30","guid":{"rendered":"https:\/\/municypia.pl\/?p=872013"},"modified":"2026-09-03T22:59:31","modified_gmt":"2026-09-03T20:59:31","slug":"fasziengesundheit-und-ruckenschmerzpravention-neue-perspektiven-durch-nachhaltige-therapieansatze","status":"publish","type":"post","link":"https:\/\/municypia.pl\/?p=872013","title":{"rendered":"Fasziengesundheit und R\u00fcckenschmerzpr\u00e4vention: Neue Perspektiven durch nachhaltige Therapieans\u00e4tze"},"content":{"rendered":"<p>In der heutigen Gesellschaft ist die Pr\u00e4valenz von chronischen R\u00fcckenschmerzen eine der h\u00e4ufigsten Ursachen f\u00fcr Arbeitsausf\u00e4lle sowie eine erhebliche Belastung f\u00fcr das Gesundheitssystem. Laut Studien der Weltgesundheitsorganisation (WHO) leiden etwa <strong>80 % der Erwachsenen irgendwann in ihrem Leben an R\u00fcckenschmerzen<\/strong>, wobei die Ursachen multifaktoriell sind. W\u00e4hrend klassische Therapieans\u00e4tze vor allem die Schmerzsymptomatik adressieren, gewinnt die Bedeutung des faszialen Gewebes zunehmend an wissenschaftlicher Relevanz. Mit Blick auf evidenzbasierte Praktiken und innovative Behandlungsmethoden ist es heute essenziell, die Rolle der Faszien in der R\u00fcckenschmerzpr\u00e4vention und -behandlung genauer zu verstehen.<\/p>\n<h2>Faszien: Das vernachl\u00e4ssigte Gewebe in der Schmerzpathologie<\/h2>\n<p>Faszien sind kollagene Bindegewebsh\u00fcllen, die Muskeln, Organe und Knochen umgeben. Lange Zeit wurden sie als passive Strukturen angesehen, doch neuere Studien belegen, dass sie aktiv an der Bewegungskoordination, Stabilit\u00e4t und Schmerzleitung beteiligt sind. Laut einer im <em>Journal of Bodywork and Movement Therapies<\/em> ver\u00f6ffentlichten Meta-Analyse besitzen Faszien eine komplexe Netzwerkfunktion, das auf neurophysiologischer Ebene das Schmerzsignal beeinflusst.<\/p>\n<blockquote>\n<p>&#8222;Faszien vermitteln notwenige kommunikativen Signale im muskuloskelettalen System. Dysfunktionen in diesem Netzwerk k\u00f6nnen chronische Schmerzen beg\u00fcnstigen.&#8221;<\/p>\n<\/blockquote>\n<h2>Innovative therapeutische Ans\u00e4tze im Faszienmanagement<\/h2>\n<p>Im Zuge der zunehmenden Anerkennung ihrer Bedeutung setzen Fach\u00e4rzte, Physiotherapeuten und Osteopathen auf ganzheitliche Ans\u00e4tze, die gezielt auf die Mobilisierung und Dehnung der Faszien ausgerichtet sind. Dazu z\u00e4hlen:<\/p>\n<ul>\n<li><strong>Fasziale Release-Techniken:<\/strong> Manuelle Therapie, die auf das L\u00f6sen von Verklebungen und Verspannungen abzielt.<\/li>\n<li><strong>Fasziales Faszientraining:<\/strong> Spezifische \u00dcbungen, die die Elastizit\u00e4t und Spannungsregulation verbessern.<\/li>\n<li><strong>Verbesserung der K\u00f6rperhaltung:<\/strong> Durch gezielte Bewegungsschulung, um Dysfunktionen im faszialen Netzwerk zu vermeiden.<\/li>\n<\/ul>\n<table>\n<thead>\n<tr>\n<th>Behandlungsmethode<\/th>\n<th>Wissenschaftliche Evidenz<\/th>\n<th>Typischer Fokus<\/th>\n<\/tr>\n<\/thead>\n<tbody>\n<tr>\n<td>Fasziale Manuelle Therapie<\/td>\n<td>Hohes Ma\u00df an Studien, inkl. kontrollierter Randomisiertstudien<\/td>\n<td>Schmerzlinderung und Mobilit\u00e4tssteigerung<\/td>\n<\/tr>\n<tr>\n<td>Fasziales Faszientraining<\/td>\n<td>Empirische Evidenz w\u00e4chst, vor allem im Leistungssport<\/td>\n<td>Elastizit\u00e4tsverbesserung<\/td>\n<\/tr>\n<tr>\n<td>Integratives Movement-Konzept<\/td>\n<td>Vereinzelte Studien, st\u00e4rker qualitativ<\/td>\n<td>Stabilit\u00e4tssteigerung und Haltungskorrektur<\/td>\n<\/tr>\n<\/tbody>\n<\/table>\n<h2>Klinische Studien und empirische Daten: Der Stand der Forschung<\/h2>\n<p>Die wissenschaftliche Gemeinschaft ist sich zunehmend einig, dass fasziale Dysfunktionen eine zentrale Rolle bei chronischen R\u00fcckenschmerzen spielen. Eine bedeutende Studie aus dem Jahr 2021, ver\u00f6ffentlicht im <em>European Journal of Integrative Medicine<\/em>, untersuchte 200 Patienten mit chronischen Lumbalbeschwerden. Die Probanden, die eine kombinierte Behandlung aus manuellen faszialen Techniken und Bewegungs\u00fcbungen erhielten, zeigten nach 8 Wochen signifikante Verbesserungen bei Schmerzintensit\u00e4t (durchschnittlich 45 % Reduktion) und Mobilit\u00e4t.<\/p>\n<p>Diese Ergebnisse belegen, dass eine fundierte fasziale Behandlung die klassische Schmerztherapie erg\u00e4nzen und sogar ihre Effektivit\u00e4t steigern kann, insbesondere bei Patienten mit l\u00e4ngerfristigen Beschwerden.<\/p>\n<h2>Der Blick in die Zukunft: Personalisierte Faszien-Interventionen<\/h2>\n<p>Mit Blick auf die Zukunft wird die Individualisierung in der Therapie immer wichtiger. Moderne bildgebende Verfahren, etwa die elastographie-basierte Ultraschalltechnik, erm\u00f6glichen das pr\u00e4zise Abbilden faszialer Strukturen. Durch diese Techniken l\u00e4sst sich die Therapie genau auf die jeweiligen Dysfunktionen zuschneiden, was die Erfolgsaussichten erheblich verbessert.<\/p>\n<p>Hierbei spielt die Datenbank <a href=\"https:\/\/spinalto-offiziell.de\/\"><strong>spinalto-offiziell.de<\/strong><\/a> eine wichtige Rolle, indem sie evidenzbasierte therapeutische Konzepte, wissenschaftliche Erkenntnisse und klinische Fallberichte b\u00fcndelt. Solche Ressourcen unterst\u00fctzen Fachkr\u00e4fte dabei, ihre Interventionen kontinuierlich zu optimieren und die Expertise im faszialen Gesundheitsmanagement zu vertiefen.<\/p>\n<h2>Fazit<\/h2>\n<p>Die Integration neuester wissenschaftlicher Erkenntnisse zu Faszien in die R\u00fcckenschmerzbehandlung ist kein Trend, sondern eine notwendige Entwicklung, um nachhaltige Linderung f\u00fcr Betroffene zu erzielen. Die gezielte Behandlung des faszialen Netzwerks, unterst\u00fctzt durch innovative Technologien und evidenzbasierte Strategien, er\u00f6ffnet neue Wege in der Pr\u00e4vention und Therapie chronischer Schmerzen.<\/p>\n<p>Vertiefte Informationen und fortschrittliche Ans\u00e4tze finden Sie unter spinalto-offiziell.de, das als eine der f\u00fchrenden Plattformen im deutschen Sprachraum ma\u00dfgebliche Impulse f\u00fcr Fachkr\u00e4fte und Betroffene setzt.<\/p>\n","protected":false},"excerpt":{"rendered":"<p>In der heutigen Gesellschaft ist die Pr\u00e4valenz von chronischen R\u00fcckenschmerzen eine der h\u00e4ufigsten Ursachen f\u00fcr Arbeitsausf\u00e4lle sowie eine erhebliche Belastung f\u00fcr das Gesundheitssystem. Laut Studien der Weltgesundheitsorganisation (WHO) leiden etwa 80 % der Erwachsenen irgendwann in ihrem Leben an R\u00fcckenschmerzen, wobei die Ursachen multifaktoriell sind. W\u00e4hrend klassische Therapieans\u00e4tze vor allem die Schmerzsymptomatik adressieren, gewinnt die [&hellip;]<\/p>\n","protected":false},"author":1,"featured_media":0,"comment_status":"open","ping_status":"open","sticky":false,"template":"","format":"standard","meta":{"footnotes":""},"categories":[1],"tags":[],"class_list":["post-872013","post","type-post","status-publish","format-standard","hentry","category-bez-kategorii"],"_links":{"self":[{"href":"https:\/\/municypia.pl\/index.php?rest_route=\/wp\/v2\/posts\/872013","targetHints":{"allow":["GET"]}}],"collection":[{"href":"https:\/\/municypia.pl\/index.php?rest_route=\/wp\/v2\/posts"}],"about":[{"href":"https:\/\/municypia.pl\/index.php?rest_route=\/wp\/v2\/types\/post"}],"author":[{"embeddable":true,"href":"https:\/\/municypia.pl\/index.php?rest_route=\/wp\/v2\/users\/1"}],"replies":[{"embeddable":true,"href":"https:\/\/municypia.pl\/index.php?rest_route=%2Fwp%2Fv2%2Fcomments&post=872013"}],"version-history":[{"count":1,"href":"https:\/\/municypia.pl\/index.php?rest_route=\/wp\/v2\/posts\/872013\/revisions"}],"predecessor-version":[{"id":872014,"href":"https:\/\/municypia.pl\/index.php?rest_route=\/wp\/v2\/posts\/872013\/revisions\/872014"}],"wp:attachment":[{"href":"https:\/\/municypia.pl\/index.php?rest_route=%2Fwp%2Fv2%2Fmedia&parent=872013"}],"wp:term":[{"taxonomy":"category","embeddable":true,"href":"https:\/\/municypia.pl\/index.php?rest_route=%2Fwp%2Fv2%2Fcategories&post=872013"},{"taxonomy":"post_tag","embeddable":true,"href":"https:\/\/municypia.pl\/index.php?rest_route=%2Fwp%2Fv2%2Ftags&post=872013"}],"curies":[{"name":"wp","href":"https:\/\/api.w.org\/{rel}","templated":true}]}}