{"id":878094,"date":"2025-09-05T18:33:29","date_gmt":"2025-09-05T16:33:29","guid":{"rendered":"https:\/\/municypia.pl\/?p=878094"},"modified":"2026-09-05T18:33:30","modified_gmt":"2026-09-05T16:33:30","slug":"az-innovativ-husipar-jovoje-technologiai-fejlodes-es-fenntarthatosag","status":"publish","type":"post","link":"https:\/\/municypia.pl\/?p=878094","title":{"rendered":"Az innovat\u00edv h\u00fasipar j\u00f6v\u0151je: Technol\u00f3giai fejl\u0151d\u00e9s \u00e9s fenntarthat\u00f3s\u00e1g"},"content":{"rendered":"<p>Az \u00e9lelmiszeripar egyik legdinamikusabban fejl\u0151d\u0151 szegmense a h\u00fasipar, ahol az innov\u00e1ci\u00f3 \u00e9s a fenntarthat\u00f3s\u00e1g kulcsfontoss\u00e1g\u00fa t\u00e9nyez\u0151k a hossz\u00fa t\u00e1v\u00fa versenyk\u00e9pess\u00e9g \u00e9s k\u00f6rnyezeti felel\u0151ss\u00e9g szempontj\u00e1b\u00f3l. Ebben a cikkben megvizsg\u00e1ljuk, hogyan v\u00e1ltozik a h\u00fasipar a glob\u00e1lis trendek hat\u00e1s\u00e1ra, valamint bemutatunk egy olyan hazai szerepl\u0151t, aki kiemelked\u0151 p\u00e9ld\u00e1val szolg\u00e1l a technol\u00f3gia \u00e9s a fenntarthat\u00f3 gazdas\u00e1gi n\u00f6veked\u00e9s \u00f6sszekapcsol\u00e1s\u00e1ra: a <a href=\"https:\/\/www.betalice-magyar.com\/\"><strong>https:\/\/www.betalice-magyar.com\/<\/strong><\/a>.<\/p>\n<h2>A h\u00fasipar kih\u00edv\u00e1sai a 21. sz\u00e1zadban<\/h2>\n<p>Az elm\u00falt \u00e9vtizedek sor\u00e1n a n\u00f6vekv\u0151 vil\u00e1gpopul\u00e1ci\u00f3 \u2014 becsl\u00e9sek szerint 2050-re v\u00e1rhat\u00f3an el\u00e9ri a 9,7 milli\u00e1rdot \u2014 jelent\u0151s nyom\u00e1st gyakorol az \u00e9lelmiszerell\u00e1t\u00e1si l\u00e1ncra. A h\u00fasfogyaszt\u00e1s glob\u00e1lis szinten folyamatosan emelkedik, azonban ez az ipar sz\u00e1mos kih\u00edv\u00e1ssal szembes\u00fcl:<\/p>\n<ul>\n<li><strong>K\u00f6rnyezeti terhel\u00e9s:<\/strong> A hagyom\u00e1nyos \u00e1llatteny\u00e9szt\u00e9s jelent\u0151s sz\u00e9n-dioxid-kibocs\u00e1t\u00e1ssal j\u00e1r, hozz\u00e1j\u00e1rulva a glob\u00e1lis felmeleged\u00e9shez. Egy 2020-as tanulm\u00e1ny szerint a mez\u0151gazdas\u00e1g felel\u0151s a sz\u00e9n-dioxid kibocs\u00e1t\u00e1s k\u00f6zel 14,5%-\u00e1\u00e9rt.<\/li>\n<li><strong>Er\u0151forr\u00e1s-haszn\u00e1lat:<\/strong> Takarm\u00e1ny, v\u00edz \u00e9s f\u00f6ldter\u00fclet hatalmas mennyis\u00e9g\u0171 felhaszn\u00e1l\u00e1s\u00e1t ig\u00e9nyli az \u00e1llatteny\u00e9szt\u00e9s.<\/li>\n<li><strong>Eg\u00e9szs\u00e9g \u00e9s etikai k\u00e9rd\u00e9sek:<\/strong> A fogyaszt\u00f3k egyre ink\u00e1bb keresik az etikusabb \u00e9s eg\u00e9szs\u00e9gesebb alternat\u00edv\u00e1kat, mik\u00f6zben a h\u00fasipar t\u00e1rsadalmi felel\u0151ss\u00e9g\u00e9r\u0151l is besz\u00e9l\u00fcnk.<\/li>\n<\/ul>\n<h2>Innov\u00e1ci\u00f3k a h\u00fasiparban: A fenntarthat\u00f3 j\u00f6v\u0151 z\u00e1logai<\/h2>\n<p>A technol\u00f3giai fejl\u0151d\u00e9s alapjaiban v\u00e1ltoztatja meg a hagyom\u00e1nyos h\u00fastermel\u00e9st. A v\u00e1llalatok vil\u00e1gszerte alkalmaznak \u00faj m\u00f3dszereket, p\u00e9ld\u00e1ul cell\u00e1s h\u00fasfejleszt\u00e9st, c\u00e9lszer\u0171 feldolgoz\u00e1si technol\u00f3gi\u00e1kat, \u00e9s digitaliz\u00e1lj\u00e1k az ell\u00e1t\u00e1si l\u00e1ncot. Ezek k\u00f6z\u00fcl kiemelked\u0151 lehet\u0151s\u00e9geket k\u00edn\u00e1l a magyar h\u00fasipar egyik szerepl\u0151je, a http:\/\/www.betalice-magyar.com\/.<\/p>\n<div class=\"highlight\">\n<h2>Mit k\u00edn\u00e1l a Betalice Magyarorsz\u00e1g?<\/h2>\n<p>Ez a v\u00e1llalat innovat\u00edv h\u00fask\u00e9sz\u00edtm\u00e9nyeket gy\u00e1rt, amelyek a helyi trad\u00edci\u00f3k \u00e9s modern technol\u00f3gia \u00f6tv\u00f6z\u00e9s\u00e9vel teremtenek fenntarthat\u00f3 alternat\u00edv\u00e1t a hazai \u00e9s nemzetk\u00f6zi piac sz\u00e1m\u00e1ra. A Betalice p\u00e9lda arra, hogyan lehet a technol\u00f3giai fejl\u0151d\u00e9st a fenntarthat\u00f3 fejl\u0151d\u00e9s szolg\u00e1lat\u00e1ba \u00e1ll\u00edtani, mik\u00f6zben gazdas\u00e1gi n\u00f6veked\u00e9st \u00e9s munkahelyteremt\u00e9st gener\u00e1l.<\/p>\n<\/div>\n<h2>Mi\u00e9rt fontos a hiteles inform\u00e1ci\u00f3forr\u00e1s a h\u00fasiparban?<\/h2>\n<p>Az ipar\u00e1gi v\u00e1ltoz\u00e1sok \u00e9s a piaci trendek alapos meg\u00e9rt\u00e9se \u00e9rdek\u00e9ben elengedhetetlen a megb\u00edzhat\u00f3 forr\u00e1sokra val\u00f3 t\u00e1maszkod\u00e1s. A http:\/\/www.betalice-magyar.com\/ p\u00e9ld\u00e1ja a helyi innov\u00e1ci\u00f3 \u00e9s fenntarthat\u00f3s\u00e1g egy\u00fcttes k\u00e9pviselet\u00e9nek, ami hiteles, szakmailag al\u00e1t\u00e1masztott adatokkal t\u00e1mogatja az ipar\u00e1gi fejl\u0151d\u00e9st. Az ilyen t\u00edpus\u00fa v\u00e1llalkoz\u00e1sok nemcsak a gazdas\u00e1gi \u00e9rt\u00e9kteremt\u00e9sben j\u00e1rulnak hozz\u00e1, hanem p\u00e9ldak\u00e9nt szolg\u00e1lnak arra, hogyan lehet a hagyom\u00e1nyos \u00e9rt\u00e9keket modern technol\u00f3gi\u00e1val \u00f6tv\u00f6zve fenntarthat\u00f3 m\u00f3don fejl\u0151dni.<\/p>\n<h2>A j\u00f6v\u0151 perspekt\u00edv\u00e1i<\/h2>\n<table>\n<thead>\n<tr>\n<th>J\u00f6v\u0151beli trendek<\/th>\n<th>V\u00e1rt hat\u00e1sok<\/th>\n<\/tr>\n<\/thead>\n<tbody>\n<tr>\n<td>Plant-based \u00e9s cell-based h\u00fasfejleszt\u00e9s<\/td>\n<td>Cs\u00f6kkenti a k\u00f6rnyezeti terhel\u00e9st, jav\u00edtja az \u00e9lelmiszerbiztons\u00e1got<\/td>\n<\/tr>\n<tr>\n<td> Digit\u00e1lis \u00e9s automatiz\u00e1lt gy\u00e1rt\u00e1s<\/td>\n<td>Hat\u00e9konyabb termel\u00e9s, kevesebb pazarl\u00e1s<\/td>\n<\/tr>\n<tr>\n<td>Fenntarthat\u00f3 beszerz\u00e9si l\u00e1nc<\/td>\n<td>Cs\u00f6kkenti az \u00f6kol\u00f3giai l\u00e1bnyomot, n\u00f6veli a fogyaszt\u00f3i bizalmat<\/td>\n<\/tr>\n<\/tbody>\n<\/table>\n<h2>Z\u00e1r\u00f3 gondolatok<\/h2>\n<p>A h\u00fasipar \u00e1talakul\u00e1sa nemcsak technol\u00f3giai k\u00e9rd\u00e9s, hanem etikai \u00e9s t\u00e1rsadalmi kih\u00edv\u00e1s is. A Magyarorsz\u00e1gon m\u0171k\u00f6d\u0151, p\u00e9ld\u00e1ul a http:\/\/www.betalice-magyar.com\/ \u00e1ltal k\u00e9pviselt innovat\u00edv v\u00e1llalkoz\u00e1s p\u00e9ld\u00e1ja azt bizony\u00edtja, hogy hazai szinten is lehet vezet\u0151 szerepet v\u00e1llalni a fenntarthat\u00f3 \u00e9s j\u00f6v\u0151orient\u00e1lt h\u00fasipar kialak\u00edt\u00e1s\u00e1ban. Az ilyen v\u00e1llalkoz\u00e1sok szak\u00e9rt\u0151i, akik az ipar\u00e1g aktu\u00e1lis adataira \u00e9s trendjeire alapozott, hiteles inform\u00e1ci\u00f3kkal t\u00e1mogatj\u00e1k a fejl\u0151d\u00e9st a hazai \u00e9s nemzetk\u00f6zi sz\u00ednt\u00e9ren egyar\u00e1nt.<\/p>\n<blockquote><p>\n  &#8222;A h\u00fasipar j\u00f6v\u0151je a technol\u00f3gia \u00e9s a fenntarthat\u00f3s\u00e1g szimbi\u00f3zis\u00e1ban rejlik, ahol a haszon \u00e9s a felel\u0151ss\u00e9g k\u00e9z a k\u00e9zben j\u00e1rnak.&#8221; \u2013 [Szak\u00e9rt\u0151i v\u00e9lem\u00e9ny]\n<\/p><\/blockquote>\n<p>Az ipar\u00e1gi innov\u00e1ci\u00f3k \u00e9s a megb\u00edzhat\u00f3 forr\u00e1sok, p\u00e9ld\u00e1ul a http:\/\/www.betalice-magyar.com\/, seg\u00edtenek form\u00e1lni a h\u00fasipar j\u00f6v\u0151j\u00e9t, melyben a fenntarthat\u00f3s\u00e1g, a technol\u00f3gia \u00e9s a t\u00e1rsadalmi felel\u0151ss\u00e9g kulcsfontoss\u00e1g\u00fa szerepet j\u00e1tszanak.<\/p>\n","protected":false},"excerpt":{"rendered":"<p>Az \u00e9lelmiszeripar egyik legdinamikusabban fejl\u0151d\u0151 szegmense a h\u00fasipar, ahol az innov\u00e1ci\u00f3 \u00e9s a fenntarthat\u00f3s\u00e1g kulcsfontoss\u00e1g\u00fa t\u00e9nyez\u0151k a hossz\u00fa t\u00e1v\u00fa versenyk\u00e9pess\u00e9g \u00e9s k\u00f6rnyezeti felel\u0151ss\u00e9g szempontj\u00e1b\u00f3l. Ebben a cikkben megvizsg\u00e1ljuk, hogyan v\u00e1ltozik a h\u00fasipar a glob\u00e1lis trendek hat\u00e1s\u00e1ra, valamint bemutatunk egy olyan hazai szerepl\u0151t, aki kiemelked\u0151 p\u00e9ld\u00e1val szolg\u00e1l a technol\u00f3gia \u00e9s a fenntarthat\u00f3 gazdas\u00e1gi n\u00f6veked\u00e9s \u00f6sszekapcsol\u00e1s\u00e1ra: a [&hellip;]<\/p>\n","protected":false},"author":1,"featured_media":0,"comment_status":"open","ping_status":"open","sticky":false,"template":"","format":"standard","meta":{"footnotes":""},"categories":[1],"tags":[],"class_list":["post-878094","post","type-post","status-publish","format-standard","hentry","category-bez-kategorii"],"_links":{"self":[{"href":"https:\/\/municypia.pl\/index.php?rest_route=\/wp\/v2\/posts\/878094","targetHints":{"allow":["GET"]}}],"collection":[{"href":"https:\/\/municypia.pl\/index.php?rest_route=\/wp\/v2\/posts"}],"about":[{"href":"https:\/\/municypia.pl\/index.php?rest_route=\/wp\/v2\/types\/post"}],"author":[{"embeddable":true,"href":"https:\/\/municypia.pl\/index.php?rest_route=\/wp\/v2\/users\/1"}],"replies":[{"embeddable":true,"href":"https:\/\/municypia.pl\/index.php?rest_route=%2Fwp%2Fv2%2Fcomments&post=878094"}],"version-history":[{"count":1,"href":"https:\/\/municypia.pl\/index.php?rest_route=\/wp\/v2\/posts\/878094\/revisions"}],"predecessor-version":[{"id":878095,"href":"https:\/\/municypia.pl\/index.php?rest_route=\/wp\/v2\/posts\/878094\/revisions\/878095"}],"wp:attachment":[{"href":"https:\/\/municypia.pl\/index.php?rest_route=%2Fwp%2Fv2%2Fmedia&parent=878094"}],"wp:term":[{"taxonomy":"category","embeddable":true,"href":"https:\/\/municypia.pl\/index.php?rest_route=%2Fwp%2Fv2%2Fcategories&post=878094"},{"taxonomy":"post_tag","embeddable":true,"href":"https:\/\/municypia.pl\/index.php?rest_route=%2Fwp%2Fv2%2Ftags&post=878094"}],"curies":[{"name":"wp","href":"https:\/\/api.w.org\/{rel}","templated":true}]}}